{"id":828,"date":"2016-10-26T16:05:21","date_gmt":"2016-10-26T16:05:21","guid":{"rendered":"http:\/\/forumdooutono.inesctec.pt\/?p=828"},"modified":"2016-10-26T16:05:21","modified_gmt":"2016-10-26T16:05:21","slug":"mais-de-duas-centenas-de-pessoas-debateram-a-fabrica-do-futuro","status":"publish","type":"post","link":"https:\/\/forumdooutono.inesctec.pt\/index.php\/2016\/10\/26\/mais-de-duas-centenas-de-pessoas-debateram-a-fabrica-do-futuro\/","title":{"rendered":"[:pt]Mais de duas centenas de pessoas debateram a F\u00e1brica do Futuro[:]"},"content":{"rendered":"<p>[:pt]<\/p>\n<div id=\"parent-fieldname-text\" class=\"plain kssattr-atfieldname-text kssattr-templateId-newsbip_view kssattr-macro-text-field-view\">\n<p><em><span style=\"color: #5c2216;\">O F\u00f3rum INESC TEC do Outono decorreu no dia 20 de outubro na Biblioteca Almeida Garrett.<\/span><\/em><\/p>\n<p><em><span style=\"color: #5c2216;\"> <img fetchpriority=\"high\" decoding=\"async\" class=\"wp-image-815 size-large aligncenter\" src=\"http:\/\/forumdooutono.inesctec.pt\/wp-content\/uploads\/2016\/10\/slide-1_-1024x529.jpg\" alt=\"slide-1_\" width=\"610\" height=\"315\" srcset=\"https:\/\/forumdooutono.inesctec.pt\/wp-content\/uploads\/2016\/10\/slide-1_-1024x529.jpg 1024w, https:\/\/forumdooutono.inesctec.pt\/wp-content\/uploads\/2016\/10\/slide-1_-300x155.jpg 300w, https:\/\/forumdooutono.inesctec.pt\/wp-content\/uploads\/2016\/10\/slide-1_-768x397.jpg 768w, https:\/\/forumdooutono.inesctec.pt\/wp-content\/uploads\/2016\/10\/slide-1_.jpg 1200w\" sizes=\"(max-width: 610px) 100vw, 610px\" \/><\/span><\/em><\/p>\n<p>No dia 20 de outubro, cerca de 200 pessoas reuniram-se, ao longo de todo o dia, na Biblioteca Almeida Garrett, nos jardins do Pal\u00e1cio de Cristal, para debater o tema \u201cA F\u00e1brica do Futuro: que caminhos para a ind\u00fastria no s\u00e9culo XXI?\u201d. Foi a segunda edi\u00e7\u00e3o do F\u00f3rum INESC TEC do outono, que pretende todos os anos promover a discuss\u00e3o de um t\u00f3pico de interesse para a sociedade portuguesa, numa \u00e1rea onde a institui\u00e7\u00e3o tenha presen\u00e7a e pretenda ser um ator relevante nas mudan\u00e7as de que o pa\u00eds necessita.<\/p>\n<h5>As Boas-vindas<\/h5>\n<div id=\"attachment_838\" style=\"width: 310px\" class=\"wp-caption alignright\"><img decoding=\"async\" aria-describedby=\"caption-attachment-838\" class=\"wp-image-838 size-medium\" src=\"http:\/\/forumdooutono.inesctec.pt\/wp-content\/uploads\/2016\/10\/Foto-07-300x200.jpg\" alt=\"foto-07\" width=\"300\" height=\"200\" srcset=\"https:\/\/forumdooutono.inesctec.pt\/wp-content\/uploads\/2016\/10\/Foto-07-300x200.jpg 300w, https:\/\/forumdooutono.inesctec.pt\/wp-content\/uploads\/2016\/10\/Foto-07-768x512.jpg 768w, https:\/\/forumdooutono.inesctec.pt\/wp-content\/uploads\/2016\/10\/Foto-07.jpg 800w\" sizes=\"(max-width: 300px) 100vw, 300px\" \/><p id=\"caption-attachment-838\" class=\"wp-caption-text\">Pedro Guedes de Oliveira, <em>chairman<\/em> do evento, na abertura da sess\u00e3o.<\/p><\/div>\n<p>Os convidados do F\u00f3rum INESC TEC do outono come\u00e7aram a chegar \u00e0 Biblioteca Almeida Garrett a partir das 09h30 da manh\u00e3. Cerca de 45 minutos depois, j\u00e1 com sala cheia, Pedro Guedes de Oliveira, <i>chairman<\/i> do evento, deu as boas-vindas a todos os presentes e explicou como iria decorrer toda a sess\u00e3o.<\/p>\n<p>Tomou a palavra Jo\u00e3o Falc\u00e3o e Cunha, diretor da Faculdade de Engenharia da Universidade do Porto, que salientou a import\u00e2ncia de debates como estes no meio cient\u00edfico e tecnol\u00f3gico e passou a palavra ao primeiro orador convidado do F\u00f3rum.<b><\/b><\/p>\n<h5>O paradigma da F\u00e1brica do Futuro<\/h5>\n<p>Estima-se que o paradigma da F\u00e1brica do Futuro, no qual as tecnologias digitais t\u00eam, entre outras, um papel determinante e que tem na Alemanha um grande impulsionador atrav\u00e9s do paradigma da Ind\u00fastria 4.0, possa vir a gerar cerca de 6 milh\u00f5es de empregos na Europa.<\/p>\n<p>Com este pano de fundo, foram convidados dois nomes sonantes nesta \u00e1rea a n\u00edvel europeu para marcar presen\u00e7a no F\u00f3rum &#8211; Harald Egner, diretor para as Parcerias de Investiga\u00e7\u00e3o na Europa do Centro Tecnol\u00f3gico para a Ind\u00fastria Transformadora do Catapult (Reino Unido) e G\u00fcnter H\u00f6rcher, diretor de Investiga\u00e7\u00e3o Estrat\u00e9gica no Fraunhofer Institute for Manufacturing Engineering and Automation IPA (Alemanha).<\/p>\n<div id=\"attachment_841\" style=\"width: 310px\" class=\"wp-caption alignleft\"><img decoding=\"async\" aria-describedby=\"caption-attachment-841\" class=\"size-medium wp-image-841\" src=\"http:\/\/forumdooutono.inesctec.pt\/wp-content\/uploads\/2016\/10\/Foto-23-300x200.jpg\" alt=\"Harald Egner\" width=\"300\" height=\"200\" srcset=\"https:\/\/forumdooutono.inesctec.pt\/wp-content\/uploads\/2016\/10\/Foto-23-300x200.jpg 300w, https:\/\/forumdooutono.inesctec.pt\/wp-content\/uploads\/2016\/10\/Foto-23-768x512.jpg 768w, https:\/\/forumdooutono.inesctec.pt\/wp-content\/uploads\/2016\/10\/Foto-23.jpg 800w\" sizes=\"(max-width: 300px) 100vw, 300px\" \/><p id=\"caption-attachment-841\" class=\"wp-caption-text\">Harald Egner<\/p><\/div>\n<p>Harald Egner desenvolveu durante mais de 30 anos o seu trabalho no Instituto Fraunhofer IPA, tendo sido membro do <i>Advisory Board<\/i> e respons\u00e1vel-adjunto do Fraunhofer TEG, em Estugarda. Em 1997 ganhou o \u201cFraunhofer Award\u201d pela gest\u00e3o do projeto \u201cDesign and Implementation of crack detection \u201c\u2018pipeline pig&#8217;\u201d. Foi ainda Membro do Grupo de Peritos de Excel\u00eancia na Unidade SME \u2013 DG Research, na Comiss\u00e3o Europeia. Por sua vez, G\u00fcnter H\u00f6rcher, doutorado pelo Physics Institute of Stuttgart University, foi respons\u00e1vel de I&amp;D Industrial nos Departamentos de Comunica\u00e7\u00e3o \u00d3tica e Industrial, tendo sido o respons\u00e1vel do Departamento de I&amp;D no Fraunhofer Technology Development Group TEG. Entre 2005 e 2008 foi o Diretor Executivo deste grupo e \u00e9 ainda o Convenor da IEC SC65C WG15 \u201cHigh Availability Automation Networks\u201d.<\/p>\n<p>Harald Egner foi o primeiro a intervir. Apresentou o instituto que integra como \u201co catalisador para o crescimento futuro e sucesso da ind\u00fastria no Reino Unido\u201d, uma vez que ajuda \u201ca acelerar novos conceitos e transform\u00e1-los numa realidade comercial criando, assim, uma ind\u00fastria de alto valor sustent\u00e1vel para o futuro do pa\u00eds\u201d. Falou tamb\u00e9m do papel dos institutos Catapult, que visam, atrav\u00e9s do uso intensivo de tecnologias avan\u00e7adas, promover a reindustrializa\u00e7\u00e3o do Pa\u00eds e, simultaneamente, aproximar ind\u00fastria e universidades.<\/p>\n<div id=\"attachment_840\" style=\"width: 310px\" class=\"wp-caption alignright\"><img loading=\"lazy\" decoding=\"async\" aria-describedby=\"caption-attachment-840\" class=\"wp-image-840 size-medium\" src=\"http:\/\/forumdooutono.inesctec.pt\/wp-content\/uploads\/2016\/10\/Foto-25-300x200.jpg\" alt=\"foto-25\" width=\"300\" height=\"200\" srcset=\"https:\/\/forumdooutono.inesctec.pt\/wp-content\/uploads\/2016\/10\/Foto-25-300x200.jpg 300w, https:\/\/forumdooutono.inesctec.pt\/wp-content\/uploads\/2016\/10\/Foto-25-768x512.jpg 768w, https:\/\/forumdooutono.inesctec.pt\/wp-content\/uploads\/2016\/10\/Foto-25.jpg 800w\" sizes=\"(max-width: 300px) 100vw, 300px\" \/><p id=\"caption-attachment-840\" class=\"wp-caption-text\">G\u00fcnter H\u00f6rcher<\/p><\/div>\n<p>Por sua vez, G\u00fcnter H\u00f6rcher come\u00e7ou por falar na posi\u00e7\u00e3o pioneira que a Alemanha ocupa no que diz respeito \u00e0 Ind\u00fastria 4.0. A Alemanha, tal como a Su\u00e9cia, a Irlanda e a \u00c1ustria, consta da lista dos pa\u00edses europeus que fazem parte da primeira linha no que respeita \u00e0 capacidade para agir numa l\u00f3gica de Ind\u00fastria 4.0, quer por parte da ind\u00fastria quer dos respons\u00e1veis pelas pol\u00edticas p\u00fablicas. Ao contr\u00e1rio, pa\u00edses como Portugal, It\u00e1lia, Espanha, Est\u00f3nia, Pol\u00f3nia, Cro\u00e1cia e Bulg\u00e1ria, s\u00e3o ainda considerados como \u201chesitantes\u201d.<\/p>\n<p>De acordo com este orador, estima-se que em 2025 haja um aumento do valor acrescentado bruto na ind\u00fastria entre 15 a 30%, gra\u00e7as ao impacto das tecnologias digitais nucleares da Ind\u00fastria 4.0. Atualmente, na Alemanha, foram j\u00e1 registadas 251 aplica\u00e7\u00f5es na Plataforma Ind\u00fastria 4.0 e existem mais de 55 empresas, nove organiza\u00e7\u00f5es pol\u00edticas, seis associa\u00e7\u00f5es, uma uni\u00e3o e seis representantes de institui\u00e7\u00f5es cient\u00edficas a trabalhar para esta plataforma.<\/p>\n<p>A sess\u00e3o da manh\u00e3 terminou com G\u00fcnter H\u00f6rcher a referir que \u201co futuro \u00e9 o produto gerado pelo Fraunhofer IPA\u201d.<\/p>\n<h5>A situa\u00e7\u00e3o portuguesa<\/h5>\n<p>Por volta das 14h00 iniciou-se o painel de discuss\u00e3o sobre o posicionamento da ind\u00fastria portuguesa, cuja modera\u00e7\u00e3o ficou a cargo de Am\u00e9rico Azevedo, coordenador do Centro de Engenharia de Sistemas Empresariais (CESE) do INESC TEC e um dos membros da comiss\u00e3o organizadora do evento.<\/p>\n<div id=\"attachment_842\" style=\"width: 310px\" class=\"wp-caption alignleft\"><img loading=\"lazy\" decoding=\"async\" aria-describedby=\"caption-attachment-842\" class=\"wp-image-842 size-medium\" src=\"http:\/\/forumdooutono.inesctec.pt\/wp-content\/uploads\/2016\/10\/Foto-34-300x200.jpg\" alt=\"foto-34\" width=\"300\" height=\"200\" srcset=\"https:\/\/forumdooutono.inesctec.pt\/wp-content\/uploads\/2016\/10\/Foto-34-300x200.jpg 300w, https:\/\/forumdooutono.inesctec.pt\/wp-content\/uploads\/2016\/10\/Foto-34-768x512.jpg 768w, https:\/\/forumdooutono.inesctec.pt\/wp-content\/uploads\/2016\/10\/Foto-34.jpg 800w\" sizes=\"(max-width: 300px) 100vw, 300px\" \/><p id=\"caption-attachment-842\" class=\"wp-caption-text\">Painel de discuss\u00e3o sobre o posicionamento da ind\u00fastria portuguesa.<\/p><\/div>\n<p>Participaram neste debate de cerca de duas horas \u00c2ngelo Ramalho, da EFACEC, Rui Amorim de Sousa, da Cerealis, Fortunato Frederico, da Kyaia, Pedro Matos Silva, da Navigator Company, Lu\u00eds Esteves, da Amorim &amp; Irm\u00e3os e Ant\u00f3nio Conde, da Bosch Termotecnologia.<\/p>\n<p>Durante a discuss\u00e3o, os convidados falaram da realidade das suas empresas, da situa\u00e7\u00e3o do pa\u00eds e de diferentes pr\u00e1ticas e modelos, mas, houve um aspeto em todos concordaram \u2013 as f\u00e1bricas de futuro t\u00eam que ser sin\u00f3nimo de oportunidade para a valoriza\u00e7\u00e3o do conhecimento.<\/p>\n<p>Daniel Bessa, economista e docente da Universidade do Porto, onde ensinou nas Faculdades de Economia e Engenharia e no ISEE\u2014Instituto Superior de Estudos Empresariais, subiu ao p\u00falpito para falar sobre a Ind\u00fastria do futuro. O convidado, que foi presidente da Dire\u00e7\u00e3o da Escola de Gest\u00e3o do Porto (atual PBS\u2014<i>Porto Business School<\/i>), Diretor-Geral da COTEC e ainda Ministro da Economia do XIII Governo Constitucional, enfatizou, entre v\u00e1rios temas, a quest\u00e3o dos ciclos cada vez mais r\u00e1pidos que existem na ind\u00fastria e a progressiva segmenta\u00e7\u00e3o, os nichos de compet\u00eancias e a especializa\u00e7\u00e3o existente neste setor.<\/p>\n<p>Jos\u00e9 Carlos Caldeira, presidente da Ag\u00eancia Nacional de Inova\u00e7\u00e3o (ANI), membro do <i>High Level Group <\/i>do MANUFUTURE, no qual preside ao Grupo de Plataformas Tecnol\u00f3gicas Nacionais e Regionais e da dire\u00e7\u00e3o da EFFRA \u2013 <i>European Factories of the Future Research Association<\/i> e da ISPIM \u2013 <i>International Society for Professional Innovation Management<\/i> e antigo diretor do INESC Porto, fez uma s\u00edntese das discuss\u00f5es e conclus\u00f5es do F\u00f3rum do outono do INESC TEC.<\/p>\n<p>O orador convidado come\u00e7ou por salientar que durante um longo per\u00edodo a atividade produtiva ficou afastada da maior parte dos cidad\u00e3os, algo que o paradigma das f\u00e1bricas do futuro vai alterar, uma vez que vai haver uma reaproxima\u00e7\u00e3o e essas atividades de gera\u00e7\u00e3o de valor v\u00e3o passar a estar mais pr\u00f3ximas de todos. Jos\u00e9 Carlos Caldeira enfatizou ainda quest\u00f5es como a gera\u00e7\u00e3o de valor, a customiza\u00e7\u00e3o dos produtos, a investiga\u00e7\u00e3o &amp; desenvolvimento e a forma\u00e7\u00e3o como fatores chave de sucesso do novo paradigma. O presidente da ANI concluiu a sua interven\u00e7\u00e3o dizendo que a maior barreira ao desenvolvimento e \u00e0 inova\u00e7\u00e3o nos pr\u00f3ximos anos poder\u00e1 vir a ser a falta de recursos humanos em Portugal, devido ao d\u00e9fice de competitividade salarial do nosso pa\u00eds face aos pa\u00edses do centro e norte da Europa.<\/p>\n<h5>A apresenta\u00e7\u00e3o p\u00fablica do FABTEC<\/h5>\n<div id=\"attachment_845\" style=\"width: 310px\" class=\"wp-caption alignright\"><img loading=\"lazy\" decoding=\"async\" aria-describedby=\"caption-attachment-845\" class=\"size-medium wp-image-845\" src=\"http:\/\/forumdooutono.inesctec.pt\/wp-content\/uploads\/2016\/10\/Foto-56-300x200.jpg\" alt=\"apresenta\u00e7\u00e3o FABTEC\" width=\"300\" height=\"200\" srcset=\"https:\/\/forumdooutono.inesctec.pt\/wp-content\/uploads\/2016\/10\/Foto-56-300x200.jpg 300w, https:\/\/forumdooutono.inesctec.pt\/wp-content\/uploads\/2016\/10\/Foto-56-768x513.jpg 768w, https:\/\/forumdooutono.inesctec.pt\/wp-content\/uploads\/2016\/10\/Foto-56.jpg 800w\" sizes=\"(max-width: 300px) 100vw, 300px\" \/><p id=\"caption-attachment-845\" class=\"wp-caption-text\">Apresenta\u00e7\u00e3o FABTEC.<\/p><\/div>\n<p>Am\u00e9rico Azevedo apresentou ainda o FABTEC \u2013 Laborat\u00f3rio de Processos e Tecnologias para Sistemas Avan\u00e7ados de Produ\u00e7\u00e3o -, que tem como objetivo apresentar solu\u00e7\u00f5es inovadoras \u00e0s empresas atrav\u00e9s da sua experimenta\u00e7\u00e3o numa <i>learning factory<\/i>. Esta iniciativa conjunta do cons\u00f3rcio INESC TEC, FEUP e INEGI (Instituto de Ci\u00eancia e Inova\u00e7\u00e3o em Engenharia Mec\u00e2nica e Engenharia Industrial) \u00e9 apresentada em pormenor na rubrica \u201cDestaque\u201d desta edi\u00e7\u00e3o do BIP.<\/p>\n<p>Estiveram presentes na apresenta\u00e7\u00e3o do FABTEC Jos\u00e9 Sampaio (INEGI), Jos\u00e9 Carlos Marques dos Santos (INESC TEC, U.Porto), Jo\u00e3o Costa Sousa (IST), Jos\u00e9 Manuel Mendon\u00e7a (INESC TEC) e Adriano Carvalho (FEUP).<\/p>\n<h5>O encerramento do F\u00f3rum do outono do INESC TEC<\/h5>\n<p>Jos\u00e9 Manuel Mendon\u00e7a, presidente do INESC TEC, encerrou o F\u00f3rum com o tema do Laborat\u00f3rio Colaborativo em Sistemas Avan\u00e7ados de Produ\u00e7\u00e3o, explicando como nasceu esta iniciativa.<\/p>\n<p>Por um lado, o cons\u00f3rcio INESC TEC, FEUP e INEGI est\u00e1 a liderar a participa\u00e7\u00e3o portuguesa numa candidatura pan-europeia ao EIT (European Technology Institute) na \u00e1rea de Smart Manufacturing, que se espera que venha a contribuir para colocar Portugal ao n\u00edvel dos melhores da Europa nas tr\u00eas vertentes de um KIC (Knowledge and Innovation Community): ensino, investiga\u00e7\u00e3o e transfer\u00eancia de tecnologia. Por outro, esta iniciativa vai ao encontro do conceito de Laborat\u00f3rios Colaborativos previsto no Plano Nacional de Reformas do Minist\u00e9rio da Ci\u00eancia, Tecnologia e Ensino Superior, que incentiva centros tecnol\u00f3gicos e de engenharia, centros de valoriza\u00e7\u00e3o e transfer\u00eancia de tecnologia, laborat\u00f3rios de investiga\u00e7\u00e3o aplicada, entre outros, a avan\u00e7ar para atividades em parceria, partilhando agendas de investiga\u00e7\u00e3o e de forma\u00e7\u00e3o avan\u00e7ada.<\/p>\n<div id=\"attachment_846\" style=\"width: 310px\" class=\"wp-caption alignleft\"><img loading=\"lazy\" decoding=\"async\" aria-describedby=\"caption-attachment-846\" class=\"size-medium wp-image-846\" src=\"http:\/\/forumdooutono.inesctec.pt\/wp-content\/uploads\/2016\/10\/Foto-57-300x200.jpg\" alt=\"Jos\u00e9 Manuel Mendon\u00e7a no encerramento do F\u00f3rum.\" width=\"300\" height=\"200\" srcset=\"https:\/\/forumdooutono.inesctec.pt\/wp-content\/uploads\/2016\/10\/Foto-57-300x200.jpg 300w, https:\/\/forumdooutono.inesctec.pt\/wp-content\/uploads\/2016\/10\/Foto-57-768x512.jpg 768w, https:\/\/forumdooutono.inesctec.pt\/wp-content\/uploads\/2016\/10\/Foto-57.jpg 800w\" sizes=\"(max-width: 300px) 100vw, 300px\" \/><p id=\"caption-attachment-846\" class=\"wp-caption-text\">Jos\u00e9 Manuel Mendon\u00e7a no encerramento do F\u00f3rum.<\/p><\/div>\n<p>O presidente do INESC TEC considera que, atrav\u00e9s do F\u00f3rum do outono, ficou bem clara a capacidade que o INESC TEC tem em dinamizar parcerias e alinhar vontades para melhor servir as empresas portuguesas e o pa\u00eds.<\/p>\n<p><i>Os investigadores com liga\u00e7\u00e3o ao INESC TEC mencionados no corpo da not\u00edcia t\u00eam v\u00ednculo \u00e0 UP-FEUP e ao INESC TEC.<\/i><\/p>\n<p>Ver galeria fotogr\u00e1fica completa <a href=\"http:\/\/forumdooutono.inesctec.pt\/index.php\/comunicacao\/galeria-multimedia\/\">aqui<\/a>.<\/p>\n<\/div>\n<p>[:]<\/p>\n","protected":false},"excerpt":{"rendered":"<p>[:pt] O F\u00f3rum INESC TEC do Outono decorreu no dia 20 de outubro na Biblioteca Almeida Garrett. No dia 20 de outubro, cerca de 200 pessoas reuniram-se, ao longo de todo o dia, na Biblioteca Almeida Garrett, nos jardins do Pal\u00e1cio de Cristal, para debater o tema \u201cA F\u00e1brica do Futuro: que caminhos para a [&hellip;]<\/p>\n","protected":false},"author":2,"featured_media":0,"comment_status":"closed","ping_status":"closed","sticky":false,"template":"","format":"standard","meta":{"ngg_post_thumbnail":0,"footnotes":""},"categories":[12],"tags":[16],"class_list":["post-828","post","type-post","status-publish","format-standard","hentry","category-noticias","tag-forum"],"_links":{"self":[{"href":"https:\/\/forumdooutono.inesctec.pt\/index.php\/wp-json\/wp\/v2\/posts\/828","targetHints":{"allow":["GET"]}}],"collection":[{"href":"https:\/\/forumdooutono.inesctec.pt\/index.php\/wp-json\/wp\/v2\/posts"}],"about":[{"href":"https:\/\/forumdooutono.inesctec.pt\/index.php\/wp-json\/wp\/v2\/types\/post"}],"author":[{"embeddable":true,"href":"https:\/\/forumdooutono.inesctec.pt\/index.php\/wp-json\/wp\/v2\/users\/2"}],"replies":[{"embeddable":true,"href":"https:\/\/forumdooutono.inesctec.pt\/index.php\/wp-json\/wp\/v2\/comments?post=828"}],"version-history":[{"count":14,"href":"https:\/\/forumdooutono.inesctec.pt\/index.php\/wp-json\/wp\/v2\/posts\/828\/revisions"}],"predecessor-version":[{"id":849,"href":"https:\/\/forumdooutono.inesctec.pt\/index.php\/wp-json\/wp\/v2\/posts\/828\/revisions\/849"}],"wp:attachment":[{"href":"https:\/\/forumdooutono.inesctec.pt\/index.php\/wp-json\/wp\/v2\/media?parent=828"}],"wp:term":[{"taxonomy":"category","embeddable":true,"href":"https:\/\/forumdooutono.inesctec.pt\/index.php\/wp-json\/wp\/v2\/categories?post=828"},{"taxonomy":"post_tag","embeddable":true,"href":"https:\/\/forumdooutono.inesctec.pt\/index.php\/wp-json\/wp\/v2\/tags?post=828"}],"curies":[{"name":"wp","href":"https:\/\/api.w.org\/{rel}","templated":true}]}}