{"id":1465,"date":"2017-10-18T14:19:38","date_gmt":"2017-10-18T14:19:38","guid":{"rendered":"http:\/\/forumdooutono.inesctec.pt\/?p=1465"},"modified":"2017-10-18T14:20:49","modified_gmt":"2017-10-18T14:20:49","slug":"forum-inesc-tec-do-outono-reportagem-com-manuel-heitor","status":"publish","type":"post","link":"https:\/\/forumdooutono.inesctec.pt\/index.php\/2017\/10\/18\/forum-inesc-tec-do-outono-reportagem-com-manuel-heitor\/","title":{"rendered":"[:pt]F\u00f3rum INESC TEC do Outono: reportagem com Manuel Heitor[:]"},"content":{"rendered":"<p>[:pt]&nbsp;<iframe src=\"https:\/\/www.youtube.com\/embed\/nbkuzURZ4vY\" allowfullscreen=\"allowfullscreen\" width=\"560\" height=\"315\" frameborder=\"0\"><\/iframe><\/p>\n<p>Inova\u00e7\u00e3o foi a palavra de ordem no encerramento da 3\u00aa edi\u00e7\u00e3o do F\u00f3rum do Outono. O fecho do F\u00f3rum coube a Jos\u00e9 Manuel Mendon\u00e7a , Presidente da Administra\u00e7\u00e3o do INESC TEC e ao Ministro da Ci\u00eancia, Tecnologia e Ensino Superior. Manuel Heitor refere o INESC TEC como exemplo de crescimento na \u00e1rea da investiga\u00e7\u00e3o e inova\u00e7\u00e3o.<\/p>\n<p><em>CR\u00c9DITOS Reportagem:<\/em> <em>Abigail Baptista e Lara Lopes alunas do Curso de Ci\u00eancias da Comunica\u00e7\u00e3o: Jornalismo, Assessoria e Multim\u00e9dia (Vertente de Jornalismo) da Faculdade de Letras da Universidade do Porto<\/em>[:]<\/p>\n","protected":false},"excerpt":{"rendered":"<p>[:pt]&nbsp; Inova\u00e7\u00e3o foi a palavra de ordem no encerramento da 3\u00aa edi\u00e7\u00e3o do F\u00f3rum do Outono. O fecho do F\u00f3rum coube a Jos\u00e9 Manuel Mendon\u00e7a , Presidente da Administra\u00e7\u00e3o do INESC TEC e ao Ministro da Ci\u00eancia, Tecnologia e Ensino Superior. Manuel Heitor refere o INESC TEC como exemplo de crescimento na \u00e1rea da investiga\u00e7\u00e3o [&hellip;]<\/p>\n","protected":false},"author":2,"featured_media":0,"comment_status":"closed","ping_status":"closed","sticky":false,"template":"","format":"video","meta":{"ngg_post_thumbnail":0,"footnotes":""},"categories":[12],"tags":[],"class_list":["post-1465","post","type-post","status-publish","format-video","hentry","category-noticias","post_format-post-format-video"],"_links":{"self":[{"href":"https:\/\/forumdooutono.inesctec.pt\/index.php\/wp-json\/wp\/v2\/posts\/1465","targetHints":{"allow":["GET"]}}],"collection":[{"href":"https:\/\/forumdooutono.inesctec.pt\/index.php\/wp-json\/wp\/v2\/posts"}],"about":[{"href":"https:\/\/forumdooutono.inesctec.pt\/index.php\/wp-json\/wp\/v2\/types\/post"}],"author":[{"embeddable":true,"href":"https:\/\/forumdooutono.inesctec.pt\/index.php\/wp-json\/wp\/v2\/users\/2"}],"replies":[{"embeddable":true,"href":"https:\/\/forumdooutono.inesctec.pt\/index.php\/wp-json\/wp\/v2\/comments?post=1465"}],"version-history":[{"count":2,"href":"https:\/\/forumdooutono.inesctec.pt\/index.php\/wp-json\/wp\/v2\/posts\/1465\/revisions"}],"predecessor-version":[{"id":1467,"href":"https:\/\/forumdooutono.inesctec.pt\/index.php\/wp-json\/wp\/v2\/posts\/1465\/revisions\/1467"}],"wp:attachment":[{"href":"https:\/\/forumdooutono.inesctec.pt\/index.php\/wp-json\/wp\/v2\/media?parent=1465"}],"wp:term":[{"taxonomy":"category","embeddable":true,"href":"https:\/\/forumdooutono.inesctec.pt\/index.php\/wp-json\/wp\/v2\/categories?post=1465"},{"taxonomy":"post_tag","embeddable":true,"href":"https:\/\/forumdooutono.inesctec.pt\/index.php\/wp-json\/wp\/v2\/tags?post=1465"}],"curies":[{"name":"wp","href":"https:\/\/api.w.org\/{rel}","templated":true}]}}